{"id":3468,"date":"2018-03-14T02:47:06","date_gmt":"2018-03-14T01:47:06","guid":{"rendered":"http:\/\/www.villapoggiosalvi.it\/wp2\/?p=3468"},"modified":"2018-03-14T02:47:06","modified_gmt":"2018-03-14T01:47:06","slug":"villa-poggio-salvi-a-prowein-2018","status":"publish","type":"post","link":"https:\/\/www.villapoggiosalvi.it\/wp2\/2018\/03\/14\/villa-poggio-salvi-a-prowein-2018\/","title":{"rendered":"VILLA POGGIO SALVI A PROWEIN 2018"},"content":{"rendered":"<p><\/p>\n<p style=\"text-align: center;\">Villa Poggio Salvi sar\u00e0 presente alla prossima edizione del Prowein, che si terr\u00e0 a D\u00fcsseldorf il 18-19-20 marzo 2018.<\/p>\n<p style=\"font-family: arial, helvetica, sans-serif; margin-top: 0px; margin-bottom: 8px; color: #000000; margin-left: 10px; text-align: center;\">La posizione del nostro stand sar\u00e0\u00a0<b style=\"color: #222222; font-family: verdana, sans-serif;\">Hall 16 &#8211; Booth F51 (Consorzio del Brunello)<\/b><\/p>\n<p style=\"font-family: arial, helvetica, sans-serif; margin-top: 0px; margin-bottom: 8px; margin-right: 10px; color: #000000; text-align: center;\">Per maggiori informazioni, visitate il sito:<br \/>\n<u><strong><a style=\"color: black; text-decoration-line: none;\" href=\"http:\/\/www.prowein.com\/\" target=\"_blank\" rel=\"noopener\">www.prowein.com<\/a><\/strong><\/u><\/p>\n<p style=\"text-align: center;\"><img style=\"border-width: 1px; border-style: solid;\" src=\"http:\/\/www.villapoggiosalvi.it\/img\/prowein2018.jpg\" alt=\"\" \/><\/p>\n<p><\/p>","protected":false},"excerpt":{"rendered":"<p>Villa Poggio Salvi sar\u00e0 presente alla prossima edizione del Prowein, che si terr\u00e0 a D\u00fcsseldorf il 18-19-20 marzo 2018. La posizione del nostro stand sar\u00e0\u00a0Hall 16 &#8211; Booth F51 (Consorzio del Brunello) Per maggiori informazioni, visitate il sito: www.prowein.com<\/p>\n","protected":false},"author":1,"featured_media":3469,"comment_status":"closed","ping_status":"closed","sticky":false,"template":"","format":"standard","meta":[],"categories":[2],"tags":[],"_links":{"self":[{"href":"https:\/\/www.villapoggiosalvi.it\/wp2\/wp-json\/wp\/v2\/posts\/3468"}],"collection":[{"href":"https:\/\/www.villapoggiosalvi.it\/wp2\/wp-json\/wp\/v2\/posts"}],"about":[{"href":"https:\/\/www.villapoggiosalvi.it\/wp2\/wp-json\/wp\/v2\/types\/post"}],"author":[{"embeddable":true,"href":"https:\/\/www.villapoggiosalvi.it\/wp2\/wp-json\/wp\/v2\/users\/1"}],"replies":[{"embeddable":true,"href":"https:\/\/www.villapoggiosalvi.it\/wp2\/wp-json\/wp\/v2\/comments?post=3468"}],"version-history":[{"count":1,"href":"https:\/\/www.villapoggiosalvi.it\/wp2\/wp-json\/wp\/v2\/posts\/3468\/revisions"}],"predecessor-version":[{"id":3470,"href":"https:\/\/www.villapoggiosalvi.it\/wp2\/wp-json\/wp\/v2\/posts\/3468\/revisions\/3470"}],"wp:featuredmedia":[{"embeddable":true,"href":"https:\/\/www.villapoggiosalvi.it\/wp2\/wp-json\/wp\/v2\/media\/3469"}],"wp:attachment":[{"href":"https:\/\/www.villapoggiosalvi.it\/wp2\/wp-json\/wp\/v2\/media?parent=3468"}],"wp:term":[{"taxonomy":"category","embeddable":true,"href":"https:\/\/www.villapoggiosalvi.it\/wp2\/wp-json\/wp\/v2\/categories?post=3468"},{"taxonomy":"post_tag","embeddable":true,"href":"https:\/\/www.villapoggiosalvi.it\/wp2\/wp-json\/wp\/v2\/tags?post=3468"}],"curies":[{"name":"wp","href":"https:\/\/api.w.org\/{rel}","templated":true}]}}